{"id":7179,"date":"2022-12-15T11:39:40","date_gmt":"2022-12-15T11:39:40","guid":{"rendered":"http:\/\/13.218.190.167\/?p=7179"},"modified":"2022-12-19T12:02:58","modified_gmt":"2022-12-19T12:02:58","slug":"projeto-piloto-promove-a-coleta-seletiva-e-a-reciclagem-no-rio-de-janeiro","status":"publish","type":"post","link":"https:\/\/www.bvrio.org\/pt-br\/projeto-piloto-promove-a-coleta-seletiva-e-a-reciclagem-no-rio-de-janeiro\/","title":{"rendered":"Projeto-piloto promove a coleta seletiva e a reciclagem no Rio de Janeiro"},"content":{"rendered":"<p><span style=\"font-weight: 400;\">O time de economia circular da BVRio est\u00e1 dando apoio t\u00e9cnico para a <a href=\"https:\/\/en-gb.facebook.com\/Coopama\" target=\"_blank\" rel=\"noopener\">Coopama<\/a> (Cooperativa de Amigos do Meio Ambiente) na implementa\u00e7\u00e3o de um projeto-piloto de incentivo \u00e0 reciclagem nas resid\u00eancias do Rio de Janeiro. Realizado com financiamento da <\/span><a href=\"https:\/\/www.google.com\/aclk?sa=l&amp;ai=DChcSEwie35Tdpuf7AhUZ4O0KHY-6Bh8YABAAGgJkZw&amp;sig=AOD64_3w2TdMuiPhTQcdqNyq-RIuv75cVQ&amp;q&amp;adurl&amp;ved=2ahUKEwjAmIzdpuf7AhWiTUEAHWXuBA0Q0Qx6BAgJEAE\"><span style=\"font-weight: 400;\">Alliance to End Plastic Waste<\/span><\/a><span style=\"font-weight: 400;\">, o projeto oferece uma renda adicional para mais de 150 catadores de materiais recicl\u00e1veis.<img loading=\"lazy\" decoding=\"async\" class=\"size-medium wp-image-7159 alignright\" src=\"http:\/\/bvrio.org\/wp-content\/uploads\/2022\/12\/20220615_125450-225x300.jpg\" alt=\"\" width=\"225\" height=\"300\" srcset=\"https:\/\/www.bvrio.org\/wp-content\/uploads\/2022\/12\/20220615_125450-225x300.jpg 225w, https:\/\/www.bvrio.org\/wp-content\/uploads\/2022\/12\/20220615_125450-768x1024.jpg 768w, https:\/\/www.bvrio.org\/wp-content\/uploads\/2022\/12\/20220615_125450-1152x1536.jpg 1152w, https:\/\/www.bvrio.org\/wp-content\/uploads\/2022\/12\/20220615_125450-1536x2048.jpg 1536w, https:\/\/www.bvrio.org\/wp-content\/uploads\/2022\/12\/20220615_125450-scaled.jpg 1920w\" sizes=\"auto, (max-width: 225px) 100vw, 225px\" \/><\/span><\/p>\n<p><span style=\"font-weight: 400;\">Ap\u00f3s fase de desenvolvimento, as coletas j\u00e1 est\u00e3o em pleno andamento. Os res\u00edduos pl\u00e1sticos est\u00e3o sendo coletados de v\u00e1rias resid\u00eancias e levados para triagem na Coopama, que vende os materiais para recicladores e reintroduz os pl\u00e1sticos na cadeia de reciclagem. A meta prevista \u00e9 coletar 1805 toneladas at\u00e9 janeiro de 2023.<\/span><\/p>\n<p><span style=\"font-weight: 400;\">Os moradores do condom\u00ednio Norte Village em Del Castilho, que conta com 1.200 apartamentos, receberam instru\u00e7\u00f5es sobre como separar seus res\u00edduos. Os diferentes tipos de materiais recicl\u00e1veis, como papel\u00e3o, vidro, metal e pl\u00e1stico, s\u00e3o agora separados nas resid\u00eancias e depositados em uma \u00e1rea dedicada para a coleta seletiva nesses edif\u00edcios. A Coopama faz o registro no <a href=\"https:\/\/circular-action.com\/kolekt\" target=\"_blank\" rel=\"noopener\">KOLEKT<\/a>, mas os pr\u00f3prios moradores podem fazer o registro dos seus res\u00edduos no app.<\/span><\/p>\n<p><span style=\"font-weight: 400;\">O financiamento oferecido para a cooperativa vai aumentar sua capacidade de coleta, incluindo o aluguel de tr\u00eas novos caminh\u00f5es e a contrata\u00e7\u00e3o de motoristas e assistentes, al\u00e9m do apoio da BVRio na gest\u00e3o do projeto. A gerente administrativa da Coopama, <\/span><b>Luana Fernandes<\/b><span style=\"font-weight: 400;\">, comentou:<\/span><\/p>\n<p><span style=\"font-weight: 400;\">&#8220;\u00c9 uma satisfa\u00e7\u00e3o ter a oportunidade de receber o apoio da BVRio e da Alliance. O projeto nos ajudou a expandir as coletas, aumentando o material e gerando mais oportunidades e renda aos catadores. Contratamos mais gente para a equipe e, desta forma, mais pessoas t\u00eam sido beneficiadas com os res\u00edduos coletados. Com o financiamento da Alliance, estamos com tr\u00eas caminh\u00f5es realizando as coletas, dois ajudantes e um motorista por caminh\u00e3o dando o suporte para a nossa cooperativa. Al\u00e9m do trabalho de coleta e triagem, estamos realizando campanhas de educa\u00e7\u00e3o ambiental em condom\u00ednios para ampliar a coleta de res\u00edduos s\u00f3lidos&#8221;.\u00a0<\/span><\/p>\n<p><span style=\"font-weight: 400;\">A BVRio ofereceu treinamento para a cooperativa e catadores sobre o uso do aplicativo KOLEKT que, pela primeira vez, est\u00e1 sendo aplicado para a gest\u00e3o e coleta de res\u00edduos residenciais. Neste piloto, o app foi atualizado e recebeu mais op\u00e7\u00f5es de registros offline para incluir catadores sem acesso \u00e0 Internet ou com acesso limitado.\u00a0<\/span><\/p>\n<p><span style=\"font-weight: 400;\">O especialista em economia circular da BVRio, <\/span><b>Pedro Succar<\/b><span style=\"font-weight: 400;\">, gerente do projeto, disse:<\/span><\/p>\n<p><span style=\"font-weight: 400;\">&#8220;Com este projeto, queremos demonstrar que simples melhorias na infra-estrutura e no processo de coleta podem causar um grande aumento nas taxas de reciclagem. O projeto tamb\u00e9m d\u00e1 um passo significativo na implementa\u00e7\u00e3o do KOLEKT no Brasil, j\u00e1 que \u00e9 a primeira vez que ele \u00e9 testado para reciclagem dom\u00e9stica. Nesse piloto, a Coopama vai registrar a entrada desses res\u00edduos atrav\u00e9s do aplicativo, mas no futuro os moradores e s\u00edndicos poder\u00e3o usar o aplicativo para oferecer ou comercializar os res\u00edduos com a cooperativas e catadores que utilizam o aplicativo na cidade&#8221;.<\/span><\/p>\n<p>&nbsp;<\/p>\n<p><b>Sobre a Alliance to End Plastic Waste<\/b><\/p>\n<p><span style=\"font-weight: 400;\">A Alian\u00e7a para Eliminar Res\u00edduos Pl\u00e1sticos (<\/span><i><span style=\"font-weight: 400;\">Alliance<\/span><\/i><span style=\"font-weight: 400;\">) \u00e9 uma organiza\u00e7\u00e3o global sem fins lucrativos com a miss\u00e3o de combater a polui\u00e7\u00e3o do meio ambiente por res\u00edduos pl\u00e1sticos. Seu foco \u00e9 a implementa\u00e7\u00e3o de projetos e o investimento em solu\u00e7\u00f5es inovadoras para desenvolver ou melhorar os sistemas de gest\u00e3o de res\u00edduos. Desde junho de 2022, seu portf\u00f3lio compreende mais de 50 projetos em 30 pa\u00edses do mundo.\u00a0\u00a0\u00a0<\/span><\/p>\n<p><span style=\"font-weight: 400;\">O desafio \u00e9 complexo e exige uma a\u00e7\u00e3o coletiva. Desde 2019, a <\/span><i><span style=\"font-weight: 400;\">Alliance<\/span><\/i><span style=\"font-weight: 400;\"> reuniu uma rede global de l\u00edderes da ind\u00fastria ao longo da cadeia de valoriza\u00e7\u00e3o dos pl\u00e1sticos, em conjunto com \u00f3rg\u00e3os governamentais, sociedade civil, empresas e as comunidades, para promover uma economia circular para os res\u00edduos pl\u00e1sticos.\u00a0 <\/span><\/p>\n<p><span style=\"font-weight: 400;\"><a href=\"https:\/\/endplasticwaste.org\/\" target=\"_blank\" rel=\"noopener\">Para mais informa\u00e7\u00f5es, visite:https:\/\/endplasticwaste.org\/<\/a>\u00a0<\/span><\/p>\n","protected":false},"excerpt":{"rendered":"<p>O time de economia circular da BVRio est\u00e1 dando apoio t\u00e9cnico para a Coopama (Cooperativa de Amigos do Meio Ambiente) na implementa\u00e7\u00e3o de um projeto-piloto de incentivo \u00e0 reciclagem nas resid\u00eancias do Rio de Janeiro. Realizado com financiamento da Alliance to End Plastic Waste, o projeto oferece uma renda adicional para mais de 150 catadores [&hellip;]<\/p>\n","protected":false},"author":2,"featured_media":7146,"comment_status":"closed","ping_status":"open","sticky":false,"template":"","format":"standard","meta":{"footnotes":""},"categories":[387],"tags":[403,405,402,411],"class_list":["post-7179","post","type-post","status-publish","format-standard","has-post-thumbnail","hentry","category-noticias-pt-br","tag-catadores-pt-br","tag-economia-circular-pt-br","tag-reciclagem-pt-br","tag-residuos-solidos-pt-br"],"acf":[],"yoast_head":"<!-- This site is optimized with the Yoast SEO plugin v22.0 - https:\/\/yoast.com\/wordpress\/plugins\/seo\/ -->\n<title>Projeto-piloto promove a coleta seletiva e a reciclagem no Rio de Janeiro | BVRIO<\/title>\n<meta name=\"description\" content=\"BVRio est\u00e1 dando apoio t\u00e9cnico para a Coopama (Cooperativa de Amigos do Meio Ambiente) na implementa\u00e7\u00e3o de um projeto-piloto de incentivo \u00e0 reciclagem nas resid\u00eancias do Rio de Janeiro.\" \/>\n<meta name=\"robots\" content=\"index, follow, max-snippet:-1, max-image-preview:large, max-video-preview:-1\" \/>\n<link rel=\"canonical\" href=\"https:\/\/www.bvrio.org\/pt-br\/projeto-piloto-promove-a-coleta-seletiva-e-a-reciclagem-no-rio-de-janeiro\/\" \/>\n<meta property=\"og:locale\" content=\"pt_BR\" \/>\n<meta property=\"og:type\" content=\"article\" \/>\n<meta property=\"og:title\" content=\"Projeto-piloto promove a coleta seletiva e a reciclagem no Rio de Janeiro | BVRIO\" \/>\n<meta property=\"og:description\" content=\"BVRio est\u00e1 dando apoio t\u00e9cnico para a Coopama (Cooperativa de Amigos do Meio Ambiente) na implementa\u00e7\u00e3o de um projeto-piloto de incentivo \u00e0 reciclagem nas resid\u00eancias do Rio de Janeiro.\" \/>\n<meta property=\"og:url\" content=\"https:\/\/www.bvrio.org\/pt-br\/projeto-piloto-promove-a-coleta-seletiva-e-a-reciclagem-no-rio-de-janeiro\/\" \/>\n<meta property=\"og:site_name\" content=\"BVRIO\" \/>\n<meta property=\"article:published_time\" content=\"2022-12-15T11:39:40+00:00\" \/>\n<meta property=\"article:modified_time\" content=\"2022-12-19T12:02:58+00:00\" \/>\n<meta property=\"og:image\" content=\"https:\/\/www.bvrio.org\/wp-content\/uploads\/2022\/12\/G40A1365-SQ-1-scaled.jpg\" \/>\n\t<meta property=\"og:image:width\" content=\"2560\" \/>\n\t<meta property=\"og:image:height\" content=\"2560\" \/>\n\t<meta property=\"og:image:type\" content=\"image\/jpeg\" \/>\n<meta name=\"author\" content=\"Lucy Cox\" \/>\n<meta name=\"twitter:card\" content=\"summary_large_image\" \/>\n<meta name=\"twitter:label1\" content=\"Written by\" \/>\n\t<meta name=\"twitter:data1\" content=\"Lucy Cox\" \/>\n\t<meta name=\"twitter:label2\" content=\"Est. reading time\" \/>\n\t<meta name=\"twitter:data2\" content=\"3 minutes\" \/>\n<script type=\"application\/ld+json\" class=\"yoast-schema-graph\">{\"@context\":\"https:\/\/schema.org\",\"@graph\":[{\"@type\":\"WebPage\",\"@id\":\"https:\/\/www.bvrio.org\/pt-br\/projeto-piloto-promove-a-coleta-seletiva-e-a-reciclagem-no-rio-de-janeiro\/\",\"url\":\"https:\/\/www.bvrio.org\/pt-br\/projeto-piloto-promove-a-coleta-seletiva-e-a-reciclagem-no-rio-de-janeiro\/\",\"name\":\"Projeto-piloto promove a coleta seletiva e a reciclagem no Rio de Janeiro | BVRIO\",\"isPartOf\":{\"@id\":\"https:\/\/www.bvrio.org\/pt-br\/#website\"},\"datePublished\":\"2022-12-15T11:39:40+00:00\",\"dateModified\":\"2022-12-19T12:02:58+00:00\",\"author\":{\"@id\":\"https:\/\/www.bvrio.org\/pt-br\/#\/schema\/person\/b35e3e4697ed24be77e095e6015bdfe3\"},\"description\":\"BVRio est\u00e1 dando apoio t\u00e9cnico para a Coopama (Cooperativa de Amigos do Meio Ambiente) na implementa\u00e7\u00e3o de um projeto-piloto de incentivo \u00e0 reciclagem nas resid\u00eancias do Rio de Janeiro.\",\"breadcrumb\":{\"@id\":\"https:\/\/www.bvrio.org\/pt-br\/projeto-piloto-promove-a-coleta-seletiva-e-a-reciclagem-no-rio-de-janeiro\/#breadcrumb\"},\"inLanguage\":\"pt-BR\",\"potentialAction\":[{\"@type\":\"ReadAction\",\"target\":[\"https:\/\/www.bvrio.org\/pt-br\/projeto-piloto-promove-a-coleta-seletiva-e-a-reciclagem-no-rio-de-janeiro\/\"]}]},{\"@type\":\"BreadcrumbList\",\"@id\":\"https:\/\/www.bvrio.org\/pt-br\/projeto-piloto-promove-a-coleta-seletiva-e-a-reciclagem-no-rio-de-janeiro\/#breadcrumb\",\"itemListElement\":[{\"@type\":\"ListItem\",\"position\":1,\"name\":\"Home\",\"item\":\"https:\/\/www.bvrio.org\/pt-br\/\"},{\"@type\":\"ListItem\",\"position\":2,\"name\":\"Projeto-piloto promove a coleta seletiva e a reciclagem no Rio de Janeiro\"}]},{\"@type\":\"WebSite\",\"@id\":\"https:\/\/www.bvrio.org\/pt-br\/#website\",\"url\":\"https:\/\/www.bvrio.org\/pt-br\/\",\"name\":\"BVRIO\",\"description\":\"BVRio (Bolsa Verde do Rio de Janeiro \u2013 Environmental Exchange of Rio de Janeiro)\",\"potentialAction\":[{\"@type\":\"SearchAction\",\"target\":{\"@type\":\"EntryPoint\",\"urlTemplate\":\"https:\/\/www.bvrio.org\/pt-br\/?s={search_term_string}\"},\"query-input\":\"required name=search_term_string\"}],\"inLanguage\":\"pt-BR\"},{\"@type\":\"Person\",\"@id\":\"https:\/\/www.bvrio.org\/pt-br\/#\/schema\/person\/b35e3e4697ed24be77e095e6015bdfe3\",\"name\":\"Lucy Cox\",\"image\":{\"@type\":\"ImageObject\",\"inLanguage\":\"pt-BR\",\"@id\":\"https:\/\/www.bvrio.org\/pt-br\/#\/schema\/person\/image\/\",\"url\":\"https:\/\/secure.gravatar.com\/avatar\/69137430ddea940b9653065694cdec2fda6fab2b92010a889f70e21713e4166d?s=96&d=mm&r=g\",\"contentUrl\":\"https:\/\/secure.gravatar.com\/avatar\/69137430ddea940b9653065694cdec2fda6fab2b92010a889f70e21713e4166d?s=96&d=mm&r=g\",\"caption\":\"Lucy Cox\"},\"sameAs\":[\"http:\/\/bvrio.org\"],\"url\":\"https:\/\/www.bvrio.org\/pt-br\/author\/lucy_cox\/\"}]}<\/script>\n<!-- \/ Yoast SEO plugin. -->","yoast_head_json":{"title":"Projeto-piloto promove a coleta seletiva e a reciclagem no Rio de Janeiro | BVRIO","description":"BVRio est\u00e1 dando apoio t\u00e9cnico para a Coopama (Cooperativa de Amigos do Meio Ambiente) na implementa\u00e7\u00e3o de um projeto-piloto de incentivo \u00e0 reciclagem nas resid\u00eancias do Rio de Janeiro.","robots":{"index":"index","follow":"follow","max-snippet":"max-snippet:-1","max-image-preview":"max-image-preview:large","max-video-preview":"max-video-preview:-1"},"canonical":"https:\/\/www.bvrio.org\/pt-br\/projeto-piloto-promove-a-coleta-seletiva-e-a-reciclagem-no-rio-de-janeiro\/","og_locale":"pt_BR","og_type":"article","og_title":"Projeto-piloto promove a coleta seletiva e a reciclagem no Rio de Janeiro | BVRIO","og_description":"BVRio est\u00e1 dando apoio t\u00e9cnico para a Coopama (Cooperativa de Amigos do Meio Ambiente) na implementa\u00e7\u00e3o de um projeto-piloto de incentivo \u00e0 reciclagem nas resid\u00eancias do Rio de Janeiro.","og_url":"https:\/\/www.bvrio.org\/pt-br\/projeto-piloto-promove-a-coleta-seletiva-e-a-reciclagem-no-rio-de-janeiro\/","og_site_name":"BVRIO","article_published_time":"2022-12-15T11:39:40+00:00","article_modified_time":"2022-12-19T12:02:58+00:00","og_image":[{"width":2560,"height":2560,"url":"https:\/\/www.bvrio.org\/wp-content\/uploads\/2022\/12\/G40A1365-SQ-1-scaled.jpg","type":"image\/jpeg"}],"author":"Lucy Cox","twitter_card":"summary_large_image","twitter_misc":{"Written by":"Lucy Cox","Est. reading time":"3 minutes"},"schema":{"@context":"https:\/\/schema.org","@graph":[{"@type":"WebPage","@id":"https:\/\/www.bvrio.org\/pt-br\/projeto-piloto-promove-a-coleta-seletiva-e-a-reciclagem-no-rio-de-janeiro\/","url":"https:\/\/www.bvrio.org\/pt-br\/projeto-piloto-promove-a-coleta-seletiva-e-a-reciclagem-no-rio-de-janeiro\/","name":"Projeto-piloto promove a coleta seletiva e a reciclagem no Rio de Janeiro | BVRIO","isPartOf":{"@id":"https:\/\/www.bvrio.org\/pt-br\/#website"},"datePublished":"2022-12-15T11:39:40+00:00","dateModified":"2022-12-19T12:02:58+00:00","author":{"@id":"https:\/\/www.bvrio.org\/pt-br\/#\/schema\/person\/b35e3e4697ed24be77e095e6015bdfe3"},"description":"BVRio est\u00e1 dando apoio t\u00e9cnico para a Coopama (Cooperativa de Amigos do Meio Ambiente) na implementa\u00e7\u00e3o de um projeto-piloto de incentivo \u00e0 reciclagem nas resid\u00eancias do Rio de Janeiro.","breadcrumb":{"@id":"https:\/\/www.bvrio.org\/pt-br\/projeto-piloto-promove-a-coleta-seletiva-e-a-reciclagem-no-rio-de-janeiro\/#breadcrumb"},"inLanguage":"pt-BR","potentialAction":[{"@type":"ReadAction","target":["https:\/\/www.bvrio.org\/pt-br\/projeto-piloto-promove-a-coleta-seletiva-e-a-reciclagem-no-rio-de-janeiro\/"]}]},{"@type":"BreadcrumbList","@id":"https:\/\/www.bvrio.org\/pt-br\/projeto-piloto-promove-a-coleta-seletiva-e-a-reciclagem-no-rio-de-janeiro\/#breadcrumb","itemListElement":[{"@type":"ListItem","position":1,"name":"Home","item":"https:\/\/www.bvrio.org\/pt-br\/"},{"@type":"ListItem","position":2,"name":"Projeto-piloto promove a coleta seletiva e a reciclagem no Rio de Janeiro"}]},{"@type":"WebSite","@id":"https:\/\/www.bvrio.org\/pt-br\/#website","url":"https:\/\/www.bvrio.org\/pt-br\/","name":"BVRIO","description":"BVRio (Bolsa Verde do Rio de Janeiro \u2013 Environmental Exchange of Rio de Janeiro)","potentialAction":[{"@type":"SearchAction","target":{"@type":"EntryPoint","urlTemplate":"https:\/\/www.bvrio.org\/pt-br\/?s={search_term_string}"},"query-input":"required name=search_term_string"}],"inLanguage":"pt-BR"},{"@type":"Person","@id":"https:\/\/www.bvrio.org\/pt-br\/#\/schema\/person\/b35e3e4697ed24be77e095e6015bdfe3","name":"Lucy Cox","image":{"@type":"ImageObject","inLanguage":"pt-BR","@id":"https:\/\/www.bvrio.org\/pt-br\/#\/schema\/person\/image\/","url":"https:\/\/secure.gravatar.com\/avatar\/69137430ddea940b9653065694cdec2fda6fab2b92010a889f70e21713e4166d?s=96&d=mm&r=g","contentUrl":"https:\/\/secure.gravatar.com\/avatar\/69137430ddea940b9653065694cdec2fda6fab2b92010a889f70e21713e4166d?s=96&d=mm&r=g","caption":"Lucy Cox"},"sameAs":["http:\/\/bvrio.org"],"url":"https:\/\/www.bvrio.org\/pt-br\/author\/lucy_cox\/"}]}},"_links":{"self":[{"href":"https:\/\/www.bvrio.org\/pt-br\/wp-json\/wp\/v2\/posts\/7179","targetHints":{"allow":["GET"]}}],"collection":[{"href":"https:\/\/www.bvrio.org\/pt-br\/wp-json\/wp\/v2\/posts"}],"about":[{"href":"https:\/\/www.bvrio.org\/pt-br\/wp-json\/wp\/v2\/types\/post"}],"author":[{"embeddable":true,"href":"https:\/\/www.bvrio.org\/pt-br\/wp-json\/wp\/v2\/users\/2"}],"replies":[{"embeddable":true,"href":"https:\/\/www.bvrio.org\/pt-br\/wp-json\/wp\/v2\/comments?post=7179"}],"version-history":[{"count":8,"href":"https:\/\/www.bvrio.org\/pt-br\/wp-json\/wp\/v2\/posts\/7179\/revisions"}],"predecessor-version":[{"id":7302,"href":"https:\/\/www.bvrio.org\/pt-br\/wp-json\/wp\/v2\/posts\/7179\/revisions\/7302"}],"wp:featuredmedia":[{"embeddable":true,"href":"https:\/\/www.bvrio.org\/pt-br\/wp-json\/wp\/v2\/media\/7146"}],"wp:attachment":[{"href":"https:\/\/www.bvrio.org\/pt-br\/wp-json\/wp\/v2\/media?parent=7179"}],"wp:term":[{"taxonomy":"category","embeddable":true,"href":"https:\/\/www.bvrio.org\/pt-br\/wp-json\/wp\/v2\/categories?post=7179"},{"taxonomy":"post_tag","embeddable":true,"href":"https:\/\/www.bvrio.org\/pt-br\/wp-json\/wp\/v2\/tags?post=7179"}],"curies":[{"name":"wp","href":"https:\/\/api.w.org\/{rel}","templated":true}]}}